{"id":5674,"date":"2026-09-05T14:07:46","date_gmt":"2026-09-05T11:07:46","guid":{"rendered":"https:\/\/finansowyflex.pl\/?p=5674"},"modified":"2026-09-05T14:30:23","modified_gmt":"2026-09-05T11:30:23","slug":"kupujesz-it-reklame-lub-ksiegowosc-powyzej-15-000-zl-od-1-pazdziernika-mozesz-odpowiadac-za-cudzy-vat","status":"publish","type":"post","link":"https:\/\/finansowyflex.pl\/pl\/kupujesz-it-reklame-lub-ksiegowosc-powyzej-15-000-zl-od-1-pazdziernika-mozesz-odpowiadac-za-cudzy-vat\/","title":{"rendered":"Kupujesz IT, reklam\u0119 lub ksi\u0119gowo\u015b\u0107 powy\u017cej 15 000 z\u0142? Od 1 pa\u017adziernika mo\u017cesz odpowiada\u0107 za cudzy VAT"},"content":{"rendered":"<p>Od 1 pa\u017adziernika 2026 roku zakup zwyk\u0142ych us\u0142ug biznesowych \u2014 tworzenia oprogramowania, reklamy, obs\u0142ugi ksi\u0119gowej, doradztwa \u2014 mo\u017ce skutkowa\u0107 nieoczekiwan\u0105 odpowiedzialno\u015bci\u0105: je\u015bli dostawca nie rozliczy VAT po swojej stronie, zap\u0142aci\u0107 mo\u017ce by\u0107 zmuszony nabywca. Ustawa zosta\u0142a ju\u017c uchwalona przez Sejm (17 lipca 2026 r., projekt UD314) \u2014 to nie projekt w toku prac, lecz przepis wchodz\u0105cy w \u017cycie za kilka tygodni.<\/p>\n<h2>Co si\u0119 zmienia<\/h2>\n<p>Mechanizm odpowiedzialno\u015bci solidarnej nabywcy istnia\u0142 ju\u017c wcze\u015bniej, ale dotyczy\u0142 wy\u0142\u0105cznie \u201ewra\u017cliwych&#8221; towar\u00f3w z Za\u0142\u0105cznika nr 15 \u2014 pr\u0119t\u00f3w stalowych, z\u0142omu, paliw, elektroniki. Teraz katalog rozszerza si\u0119 o nowy <strong>Za\u0142\u0105cznik nr 16<\/strong>, do kt\u00f3rego po raz pierwszy trafiaj\u0105 us\u0142ugi niematerialne.<\/p>\n<h2>Jakie konkretnie us\u0142ugi s\u0105 teraz obj\u0119te ryzykiem<\/h2>\n<table border=\"1\" cellpadding=\"8\" cellspacing=\"0\">\n<thead>\n<tr>\n<th>Us\u0142uga<\/th>\n<th>Kod PKWiU<\/th>\n<\/tr>\n<\/thead>\n<tbody>\n<tr>\n<td>Tworzenie oprogramowania<\/td>\n<td>62.01<\/td>\n<\/tr>\n<tr>\n<td>Doradztwo IT<\/td>\n<td>62.02.2<\/td>\n<\/tr>\n<tr>\n<td>Hosting, zarz\u0105dzanie stronami<\/td>\n<td>63.11.12<\/td>\n<\/tr>\n<tr>\n<td>Us\u0142ugi ksi\u0119gowe<\/td>\n<td>69.20.2<\/td>\n<\/tr>\n<tr>\n<td>Doradztwo biznesowe, zarz\u0105dzanie<\/td>\n<td>70.22<\/td>\n<\/tr>\n<tr>\n<td>Doradztwo architektoniczno-budowlane<\/td>\n<td>71.11.24<\/td>\n<\/tr>\n<tr>\n<td>Badania naukowe i prace rozwojowe<\/td>\n<td>72<\/td>\n<\/tr>\n<tr>\n<td>Reklama<\/td>\n<td>73.1<\/td>\n<\/tr>\n<tr>\n<td>Badania rynku<\/td>\n<td>73.2<\/td>\n<\/tr>\n<tr>\n<td>Pozosta\u0142e us\u0142ugi profesjonalne<\/td>\n<td>74.90<\/td>\n<\/tr>\n<tr>\n<td>Us\u0142ugi zwi\u0105zane z zatrudnieniem<\/td>\n<td>78<\/td>\n<\/tr>\n<\/tbody>\n<\/table>\n<p>Lista obejmuje praktycznie ca\u0142y zakres us\u0142ug, kt\u00f3re codziennie kupuje ka\u017cda \u015brednia firma \u2014 od dewelopera strony po ksi\u0119gow\u0105, od agencji reklamowej po agencj\u0119 rekrutacyjn\u0105.<\/p>\n<p><strong>Przyk\u0142ad liczbowy:<\/strong> firma IT zamawia u jednego podwykonawcy rozw\u00f3j modu\u0142u za 60 000 z\u0142 netto miesi\u0119cznie \u2014 kwota przekracza pr\u00f3g 50 000 z\u0142. Je\u015bli p\u00f3\u017aniej oka\u017ce si\u0119, \u017ce podwykonawca nie rozliczy\u0142 VAT z tej transakcji, a zamawiaj\u0105cy nie zweryfikowa\u0142 go nale\u017cycie wcze\u015bniej \u2014 pod ryzykiem znajd\u0105 si\u0119 <strong>wszystkie<\/strong> faktury od tego podwykonawcy za dany miesi\u0105c, nie tylko ta, kt\u00f3ra przekroczy\u0142a limit.<\/p>\n<h2>Kto jest w strefie podwy\u017cszonego ryzyka<\/h2>\n<p>Lista us\u0142ug z Za\u0142\u0105cznika nr 16 dotyka bezpo\u015brednio kilku grup biznesu cz\u0119\u015bciej ni\u017c pozosta\u0142ych:<\/p>\n<ul>\n<li><strong>Firmy IT i deweloperzy<\/strong> \u2014 regularnie kupuj\u0105 i sprzedaj\u0105 us\u0142ugi z tej samej listy (rozw\u00f3j, doradztwo, hosting), ryzyko powstaje w obie strony;<\/li>\n<li><strong>Biura rachunkowe<\/strong> \u2014 same \u015bwiadcz\u0105 us\u0142ugi z wykazu (69.20.2), wi\u0119c ich klienci formalnie te\u017c podlegaj\u0105 normie przy op\u0142acie obs\u0142ugi ksi\u0119gowej;<\/li>\n<li><strong>Agencje reklamowe i marketingowe<\/strong> \u2014 zar\u00f3wno jako dostawcy, jak i nabywcy us\u0142ug reklamowych z kategorii 73.1\/73.2;<\/li>\n<li><strong>Firmy z aktywnym outsourcingiem<\/strong> \u2014 te, kt\u00f3re regularnie zatrudniaj\u0105 podwykonawc\u00f3w do doradztwa, us\u0142ug kadrowych lub tworzenia oprogramowania powy\u017cej wskazanych prog\u00f3w.<\/li>\n<\/ul>\n<h2>Przy jakich kwotach powstaje ryzyko<\/h2>\n<p>Odpowiedzialno\u015b\u0107 ma zastosowanie, je\u015bli spe\u0142niony jest przynajmniej jeden z warunk\u00f3w:<\/p>\n<ul>\n<li>Kwota <strong>pojedynczej faktury<\/strong> przekracza <strong>15 000 z\u0142 brutto<\/strong>;<\/li>\n<li>\u0141\u0105czna warto\u015b\u0107 us\u0142ug nabytych od <strong>jednego dostawcy w danym miesi\u0105cu<\/strong> przekracza <strong>50 000 z\u0142 netto<\/strong> \u2014 w\u00f3wczas odpowiedzialno\u015b\u0107 obejmuje <strong>wszystkie<\/strong> faktury od tego dostawcy w danym miesi\u0105cu, niezale\u017cnie od warto\u015bci poszczeg\u00f3lnych dokument\u00f3w.<\/li>\n<\/ul>\n<h2>Split payment ju\u017c nie daje pe\u0142nej ochrony<\/h2>\n<p>Wcze\u015bniej p\u0142atno\u015b\u0107 w mechanizmie podzielonej p\u0142atno\u015bci (MPP, split payment) automatycznie wy\u0142\u0105cza\u0142a odpowiedzialno\u015b\u0107 solidarn\u0105 nabywcy \u2014 by\u0142a to skuteczna ochrona. Po zmianach zasada ta dzia\u0142a z zastrze\u017ceniem: je\u015bli nabywca <strong>wiedzia\u0142 lub mia\u0142 uzasadnione podstawy<\/strong>, by przypuszcza\u0107, \u017ce faktura zosta\u0142a wystawiona przez podmiot nieistniej\u0105cy, dokumentuje czynno\u015b\u0107, kt\u00f3ra nie zosta\u0142a wykonana, podaje kwoty niezgodne z rzeczywisto\u015bci\u0105 lub potwierdza czynno\u015bci dokonane w warunkach nadu\u017cycia prawa \u2014 p\u0142atno\u015b\u0107 w MPP ju\u017c nie chroni przed odpowiedzialno\u015bci\u0105.<\/p>\n<p>To przesuwa punkt ci\u0119\u017cko\u015bci z samego sposobu p\u0142atno\u015bci na <strong>realn\u0105 weryfikacj\u0119 kontrahenta<\/strong> \u2014 konieczna staje si\u0119 \u201enale\u017cyta staranno\u015b\u0107&#8221;, kt\u00f3r\u0105 trzeba b\u0119dzie wykaza\u0107 w razie sporu.<\/p>\n<h2>Stawki realne, nie hipotetyczne<\/h2>\n<p>Wed\u0142ug danych Ministerstwa Finans\u00f3w, sankcje z art. 112b ustawy o VAT (do 30% kwoty zani\u017cenia podatku) oraz art. 112c (100% VAT) ju\u017c teraz osi\u0105gaj\u0105 powa\u017cne kwoty: w 2025 roku sankcje wed\u0142ug stawki 100% przekroczy\u0142y \u0142\u0105cznie <strong>400 mln z\u0142<\/strong>, wed\u0142ug stawek do 30% \u2014 <strong>270 mln z\u0142<\/strong>. To nie hipotetyczne zagro\u017cenie, lecz dzia\u0142aj\u0105cy, aktywnie stosowany instrument.<\/p>\n<h2>Najcz\u0119stsze pytania<\/h2>\n<p><strong>Czy odpowiadam automatycznie za d\u0142ug ka\u017cdego dostawcy?<\/strong><br \/>\nNie. Odpowiedzialno\u015b\u0107 powstaje tylko wtedy, gdy wiedzia\u0142e\u015b lub powiniene\u015b by\u0142 wiedzie\u0107 o problemie \u2014 nie za sam fakt zakupu us\u0142ugi.<\/p>\n<p><strong>Co zrobi\u0107, je\u015bli regularnie kupuj\u0119 us\u0142ugi od tego samego dostawcy na du\u017ce kwoty?<\/strong><br \/>\nWarto wcze\u015bniej wymaga\u0107 od dostawcy potwierdzenia rozliczenia VAT, sprawdza\u0107 jego status w otwartych rejestrach (wykaz podatnik\u00f3w VAT), i robi\u0107 to <strong>przed<\/strong> transakcj\u0105, nie po fakcie.<\/p>\n<p><strong>Czy MPP jest teraz bezu\u017cyteczne?<\/strong><br \/>\nNie, nadal zmniejsza ryzyko w wi\u0119kszo\u015bci przypadk\u00f3w \u2014 przestaje jednak by\u0107 automatyczn\u0105, bezwarunkow\u0105 ochron\u0105 przy wyra\u017anych oznakach oszustwa ze strony dostawcy.<\/p>\n<h2>Co zrobi\u0107 ju\u017c teraz<\/h2>\n<p>Je\u015bli Twoja firma regularnie kupuje us\u0142ugi IT, reklam\u0119, doradztwo lub obs\u0142ug\u0119 ksi\u0119gow\u0105 na kwoty zbli\u017caj\u0105ce si\u0119 do wskazanych prog\u00f3w \u2014 warto ju\u017c teraz wdro\u017cy\u0107 procedur\u0119 weryfikacji kontrahent\u00f3w. Konkretnie oznacza to:<\/p>\n<ul>\n<li><strong>Sprawdzenie dostawcy w wykazie podatnik\u00f3w VAT<\/strong> (rejestr Szefa KAS) \u2014 przed zawarciem transakcji, nie po otrzymaniu faktury;<\/li>\n<li><strong>Poproszenie dostawcy o potwierdzenie rejestracji<\/strong> jako czynnego podatnika VAT \u2014 pisemnie, nie ustnie;<\/li>\n<li><strong>Zweryfikowanie adresu i danych dostawcy w CEIDG\/KRS<\/strong> \u2014 upewnienie si\u0119, \u017ce firma realnie istnieje i prowadzi dzia\u0142alno\u015b\u0107;<\/li>\n<li><strong>Zachowanie wszystkich tych weryfikacji z datami<\/strong> \u2014 je\u015bli p\u00f3\u017aniej powstanie sp\u00f3r, trzeba b\u0119dzie udowodni\u0107 nie tylko sam fakt weryfikacji, ale i to, \u017ce nast\u0105pi\u0142a <strong>przed<\/strong> transakcj\u0105, nie po fakcie;<\/li>\n<li><strong>Ostro\u017cno\u015b\u0107 wobec nietypowych warunk\u00f3w<\/strong> \u2014 cena istotnie ni\u017csza od rynkowej, niepe\u0142ne udokumentowanie us\u0142ugi, odmowa dostarczenia dokument\u00f3w potwierdzaj\u0105cych \u2014 wszystko to mo\u017ce sta\u0107 si\u0119 argumentem przeciwko Tobie podczas kontroli.<\/li>\n<\/ul>\n","protected":false},"excerpt":{"rendered":"<p>Od 1 pa\u017adziernika 2026 roku zakup zwyk\u0142ych us\u0142ug biznesowych \u2014 tworzenia oprogramowania, reklamy, obs\u0142ugi ksi\u0119gowej, doradztwa<\/p>\n","protected":false},"author":1,"featured_media":5671,"comment_status":"open","ping_status":"open","sticky":false,"template":"","format":"standard","meta":{"_acf_changed":false,"footnotes":""},"categories":[55],"tags":[],"class_list":["post-5674","post","type-post","status-publish","format-standard","has-post-thumbnail","hentry","category-podatki"],"acf":[],"yoast_head":"<!-- This site is optimized with the Yoast SEO plugin v28.4 - https:\/\/yoast.com\/product\/yoast-seo-wordpress\/ -->\n<title>Odpowiedzialno\u015b\u0107 solidarna VAT za us\u0142ugi \u2014 od 1.10.2026<\/title>\n<meta name=\"description\" content=\"Od 1 pa\u017adziernika 2026 nabywca us\u0142ug IT, reklamowych, ksi\u0119gowych i innych mo\u017ce odpowiada\u0107 za nierozliczony VAT dostawcy.\" \/>\n<meta name=\"robots\" content=\"index, follow, max-snippet:-1, max-image-preview:large, max-video-preview:-1\" \/>\n<link rel=\"canonical\" href=\"https:\/\/finansowyflex.pl\/pl\/kupujesz-it-reklame-lub-ksiegowosc-powyzej-15-000-zl-od-1-pazdziernika-mozesz-odpowiadac-za-cudzy-vat\/\" \/>\n<meta property=\"og:locale\" content=\"pl_PL\" \/>\n<meta property=\"og:type\" content=\"article\" \/>\n<meta property=\"og:title\" content=\"Odpowiedzialno\u015b\u0107 solidarna VAT za us\u0142ugi \u2014 od 1.10.2026\" \/>\n<meta property=\"og:description\" content=\"Od 1 pa\u017adziernika 2026 nabywca us\u0142ug IT, reklamowych, ksi\u0119gowych i innych mo\u017ce odpowiada\u0107 za nierozliczony VAT dostawcy.\" \/>\n<meta property=\"og:url\" content=\"https:\/\/finansowyflex.pl\/pl\/kupujesz-it-reklame-lub-ksiegowosc-powyzej-15-000-zl-od-1-pazdziernika-mozesz-odpowiadac-za-cudzy-vat\/\" \/>\n<meta property=\"og:site_name\" content=\"Finansowy Flex\" \/>\n<meta property=\"article:published_time\" content=\"2026-09-05T11:07:46+00:00\" \/>\n<meta property=\"article:modified_time\" content=\"2026-09-05T11:30:23+00:00\" \/>\n<meta property=\"og:image\" content=\"https:\/\/finansowyflex.pl\/wp-content\/uploads\/2026\/09\/vat-solidarna-cover.jpg\" \/>\n\t<meta property=\"og:image:width\" content=\"1800\" \/>\n\t<meta property=\"og:image:height\" content=\"1199\" \/>\n\t<meta property=\"og:image:type\" content=\"image\/jpeg\" \/>\n<meta name=\"author\" content=\"financy_admin\" \/>\n<meta name=\"twitter:card\" content=\"summary_large_image\" \/>\n<meta name=\"twitter:label1\" content=\"Napisane przez\" \/>\n\t<meta name=\"twitter:data1\" content=\"financy_admin\" \/>\n\t<meta name=\"twitter:label2\" content=\"Szacowany czas czytania\" \/>\n\t<meta name=\"twitter:data2\" content=\"1 minuta\" \/>\n<script type=\"application\/ld+json\" class=\"yoast-schema-graph\">{\"@context\":\"https:\\\/\\\/schema.org\",\"@graph\":[{\"@type\":\"Article\",\"@id\":\"https:\\\/\\\/finansowyflex.pl\\\/pl\\\/kupujesz-it-reklame-lub-ksiegowosc-powyzej-15-000-zl-od-1-pazdziernika-mozesz-odpowiadac-za-cudzy-vat\\\/#article\",\"isPartOf\":{\"@id\":\"https:\\\/\\\/finansowyflex.pl\\\/pl\\\/kupujesz-it-reklame-lub-ksiegowosc-powyzej-15-000-zl-od-1-pazdziernika-mozesz-odpowiadac-za-cudzy-vat\\\/\"},\"author\":{\"name\":\"financy_admin\",\"@id\":\"https:\\\/\\\/finansowyflex.pl\\\/pl\\\/#\\\/schema\\\/person\\\/83b6f762e43074cf1c4ac42f24af8bb0\"},\"headline\":\"Kupujesz IT, reklam\u0119 lub ksi\u0119gowo\u015b\u0107 powy\u017cej 15 000 z\u0142? Od 1 pa\u017adziernika mo\u017cesz odpowiada\u0107 za cudzy VAT\",\"datePublished\":\"2026-09-05T11:07:46+00:00\",\"dateModified\":\"2026-09-05T11:30:23+00:00\",\"mainEntityOfPage\":{\"@id\":\"https:\\\/\\\/finansowyflex.pl\\\/pl\\\/kupujesz-it-reklame-lub-ksiegowosc-powyzej-15-000-zl-od-1-pazdziernika-mozesz-odpowiadac-za-cudzy-vat\\\/\"},\"wordCount\":905,\"commentCount\":0,\"image\":{\"@id\":\"https:\\\/\\\/finansowyflex.pl\\\/pl\\\/kupujesz-it-reklame-lub-ksiegowosc-powyzej-15-000-zl-od-1-pazdziernika-mozesz-odpowiadac-za-cudzy-vat\\\/#primaryimage\"},\"thumbnailUrl\":\"https:\\\/\\\/finansowyflex.pl\\\/wp-content\\\/uploads\\\/2026\\\/09\\\/vat-solidarna-cover.jpg\",\"articleSection\":[\"Podatki\"],\"inLanguage\":\"pl-PL\",\"potentialAction\":[{\"@type\":\"CommentAction\",\"name\":\"Comment\",\"target\":[\"https:\\\/\\\/finansowyflex.pl\\\/pl\\\/kupujesz-it-reklame-lub-ksiegowosc-powyzej-15-000-zl-od-1-pazdziernika-mozesz-odpowiadac-za-cudzy-vat\\\/#respond\"]}]},{\"@type\":\"WebPage\",\"@id\":\"https:\\\/\\\/finansowyflex.pl\\\/pl\\\/kupujesz-it-reklame-lub-ksiegowosc-powyzej-15-000-zl-od-1-pazdziernika-mozesz-odpowiadac-za-cudzy-vat\\\/\",\"url\":\"https:\\\/\\\/finansowyflex.pl\\\/pl\\\/kupujesz-it-reklame-lub-ksiegowosc-powyzej-15-000-zl-od-1-pazdziernika-mozesz-odpowiadac-za-cudzy-vat\\\/\",\"name\":\"Odpowiedzialno\u015b\u0107 solidarna VAT za us\u0142ugi \u2014 od 1.10.2026\",\"isPartOf\":{\"@id\":\"https:\\\/\\\/finansowyflex.pl\\\/pl\\\/#website\"},\"primaryImageOfPage\":{\"@id\":\"https:\\\/\\\/finansowyflex.pl\\\/pl\\\/kupujesz-it-reklame-lub-ksiegowosc-powyzej-15-000-zl-od-1-pazdziernika-mozesz-odpowiadac-za-cudzy-vat\\\/#primaryimage\"},\"image\":{\"@id\":\"https:\\\/\\\/finansowyflex.pl\\\/pl\\\/kupujesz-it-reklame-lub-ksiegowosc-powyzej-15-000-zl-od-1-pazdziernika-mozesz-odpowiadac-za-cudzy-vat\\\/#primaryimage\"},\"thumbnailUrl\":\"https:\\\/\\\/finansowyflex.pl\\\/wp-content\\\/uploads\\\/2026\\\/09\\\/vat-solidarna-cover.jpg\",\"datePublished\":\"2026-09-05T11:07:46+00:00\",\"dateModified\":\"2026-09-05T11:30:23+00:00\",\"author\":{\"@id\":\"https:\\\/\\\/finansowyflex.pl\\\/pl\\\/#\\\/schema\\\/person\\\/83b6f762e43074cf1c4ac42f24af8bb0\"},\"description\":\"Od 1 pa\u017adziernika 2026 nabywca us\u0142ug IT, reklamowych, ksi\u0119gowych i innych mo\u017ce odpowiada\u0107 za nierozliczony VAT dostawcy.\",\"breadcrumb\":{\"@id\":\"https:\\\/\\\/finansowyflex.pl\\\/pl\\\/kupujesz-it-reklame-lub-ksiegowosc-powyzej-15-000-zl-od-1-pazdziernika-mozesz-odpowiadac-za-cudzy-vat\\\/#breadcrumb\"},\"inLanguage\":\"pl-PL\",\"potentialAction\":[{\"@type\":\"ReadAction\",\"target\":[\"https:\\\/\\\/finansowyflex.pl\\\/pl\\\/kupujesz-it-reklame-lub-ksiegowosc-powyzej-15-000-zl-od-1-pazdziernika-mozesz-odpowiadac-za-cudzy-vat\\\/\"]}]},{\"@type\":\"ImageObject\",\"inLanguage\":\"pl-PL\",\"@id\":\"https:\\\/\\\/finansowyflex.pl\\\/pl\\\/kupujesz-it-reklame-lub-ksiegowosc-powyzej-15-000-zl-od-1-pazdziernika-mozesz-odpowiadac-za-cudzy-vat\\\/#primaryimage\",\"url\":\"https:\\\/\\\/finansowyflex.pl\\\/wp-content\\\/uploads\\\/2026\\\/09\\\/vat-solidarna-cover.jpg\",\"contentUrl\":\"https:\\\/\\\/finansowyflex.pl\\\/wp-content\\\/uploads\\\/2026\\\/09\\\/vat-solidarna-cover.jpg\",\"width\":1800,\"height\":1199,\"caption\":\"\u0414\u043e\u043a\u0443\u043c\u0435\u043d\u0442\u044b \u043d\u0430 \u0440\u0430\u0431\u043e\u0447\u0435\u043c \u0441\u0442\u043e\u043b\u0435 \u2014 \u043f\u0440\u043e\u0432\u0435\u0440\u043a\u0430 \u043a\u043e\u043d\u0442\u0440\u0430\u0433\u0435\u043d\u0442\u0430 \u043f\u043e VAT\"},{\"@type\":\"BreadcrumbList\",\"@id\":\"https:\\\/\\\/finansowyflex.pl\\\/pl\\\/kupujesz-it-reklame-lub-ksiegowosc-powyzej-15-000-zl-od-1-pazdziernika-mozesz-odpowiadac-za-cudzy-vat\\\/#breadcrumb\",\"itemListElement\":[{\"@type\":\"ListItem\",\"position\":1,\"name\":\"Strona g\u0142\u00f3wna\",\"item\":\"https:\\\/\\\/finansowyflex.pl\\\/pl\\\/\"},{\"@type\":\"ListItem\",\"position\":2,\"name\":\"Kupujesz IT, reklam\u0119 lub ksi\u0119gowo\u015b\u0107 powy\u017cej 15 000 z\u0142? Od 1 pa\u017adziernika mo\u017cesz odpowiada\u0107 za cudzy VAT\"}]},{\"@type\":\"WebSite\",\"@id\":\"https:\\\/\\\/finansowyflex.pl\\\/pl\\\/#website\",\"url\":\"https:\\\/\\\/finansowyflex.pl\\\/pl\\\/\",\"name\":\"Finansowy Flex\",\"description\":\"\",\"potentialAction\":[{\"@type\":\"SearchAction\",\"target\":{\"@type\":\"EntryPoint\",\"urlTemplate\":\"https:\\\/\\\/finansowyflex.pl\\\/pl\\\/?s={search_term_string}\"},\"query-input\":{\"@type\":\"PropertyValueSpecification\",\"valueRequired\":true,\"valueName\":\"search_term_string\"}}],\"inLanguage\":\"pl-PL\"},{\"@type\":\"Person\",\"@id\":\"https:\\\/\\\/finansowyflex.pl\\\/pl\\\/#\\\/schema\\\/person\\\/83b6f762e43074cf1c4ac42f24af8bb0\",\"name\":\"financy_admin\",\"image\":{\"@type\":\"ImageObject\",\"inLanguage\":\"pl-PL\",\"@id\":\"https:\\\/\\\/secure.gravatar.com\\\/avatar\\\/75e98f63f26a31ab7b60987916f5289ab5f90eedec7d20a928739350c5e40191?s=96&d=mm&r=g\",\"url\":\"https:\\\/\\\/secure.gravatar.com\\\/avatar\\\/75e98f63f26a31ab7b60987916f5289ab5f90eedec7d20a928739350c5e40191?s=96&d=mm&r=g\",\"contentUrl\":\"https:\\\/\\\/secure.gravatar.com\\\/avatar\\\/75e98f63f26a31ab7b60987916f5289ab5f90eedec7d20a928739350c5e40191?s=96&d=mm&r=g\",\"caption\":\"financy_admin\"},\"sameAs\":[\"https:\\\/\\\/finansowyflex.pl\"],\"url\":\"https:\\\/\\\/finansowyflex.pl\\\/pl\\\/author\\\/financy_admin\\\/\"}]}<\/script>\n<!-- \/ Yoast SEO plugin. -->","yoast_head_json":{"title":"Odpowiedzialno\u015b\u0107 solidarna VAT za us\u0142ugi \u2014 od 1.10.2026","description":"Od 1 pa\u017adziernika 2026 nabywca us\u0142ug IT, reklamowych, ksi\u0119gowych i innych mo\u017ce odpowiada\u0107 za nierozliczony VAT dostawcy.","robots":{"index":"index","follow":"follow","max-snippet":"max-snippet:-1","max-image-preview":"max-image-preview:large","max-video-preview":"max-video-preview:-1"},"canonical":"https:\/\/finansowyflex.pl\/pl\/kupujesz-it-reklame-lub-ksiegowosc-powyzej-15-000-zl-od-1-pazdziernika-mozesz-odpowiadac-za-cudzy-vat\/","og_locale":"pl_PL","og_type":"article","og_title":"Odpowiedzialno\u015b\u0107 solidarna VAT za us\u0142ugi \u2014 od 1.10.2026","og_description":"Od 1 pa\u017adziernika 2026 nabywca us\u0142ug IT, reklamowych, ksi\u0119gowych i innych mo\u017ce odpowiada\u0107 za nierozliczony VAT dostawcy.","og_url":"https:\/\/finansowyflex.pl\/pl\/kupujesz-it-reklame-lub-ksiegowosc-powyzej-15-000-zl-od-1-pazdziernika-mozesz-odpowiadac-za-cudzy-vat\/","og_site_name":"Finansowy Flex","article_published_time":"2026-09-05T11:07:46+00:00","article_modified_time":"2026-09-05T11:30:23+00:00","og_image":[{"width":1800,"height":1199,"url":"https:\/\/finansowyflex.pl\/wp-content\/uploads\/2026\/09\/vat-solidarna-cover.jpg","type":"image\/jpeg"}],"author":"financy_admin","twitter_card":"summary_large_image","twitter_misc":{"Napisane przez":"financy_admin","Szacowany czas czytania":"1 minuta"},"schema":{"@context":"https:\/\/schema.org","@graph":[{"@type":"Article","@id":"https:\/\/finansowyflex.pl\/pl\/kupujesz-it-reklame-lub-ksiegowosc-powyzej-15-000-zl-od-1-pazdziernika-mozesz-odpowiadac-za-cudzy-vat\/#article","isPartOf":{"@id":"https:\/\/finansowyflex.pl\/pl\/kupujesz-it-reklame-lub-ksiegowosc-powyzej-15-000-zl-od-1-pazdziernika-mozesz-odpowiadac-za-cudzy-vat\/"},"author":{"name":"financy_admin","@id":"https:\/\/finansowyflex.pl\/pl\/#\/schema\/person\/83b6f762e43074cf1c4ac42f24af8bb0"},"headline":"Kupujesz IT, reklam\u0119 lub ksi\u0119gowo\u015b\u0107 powy\u017cej 15 000 z\u0142? Od 1 pa\u017adziernika mo\u017cesz odpowiada\u0107 za cudzy VAT","datePublished":"2026-09-05T11:07:46+00:00","dateModified":"2026-09-05T11:30:23+00:00","mainEntityOfPage":{"@id":"https:\/\/finansowyflex.pl\/pl\/kupujesz-it-reklame-lub-ksiegowosc-powyzej-15-000-zl-od-1-pazdziernika-mozesz-odpowiadac-za-cudzy-vat\/"},"wordCount":905,"commentCount":0,"image":{"@id":"https:\/\/finansowyflex.pl\/pl\/kupujesz-it-reklame-lub-ksiegowosc-powyzej-15-000-zl-od-1-pazdziernika-mozesz-odpowiadac-za-cudzy-vat\/#primaryimage"},"thumbnailUrl":"https:\/\/finansowyflex.pl\/wp-content\/uploads\/2026\/09\/vat-solidarna-cover.jpg","articleSection":["Podatki"],"inLanguage":"pl-PL","potentialAction":[{"@type":"CommentAction","name":"Comment","target":["https:\/\/finansowyflex.pl\/pl\/kupujesz-it-reklame-lub-ksiegowosc-powyzej-15-000-zl-od-1-pazdziernika-mozesz-odpowiadac-za-cudzy-vat\/#respond"]}]},{"@type":"WebPage","@id":"https:\/\/finansowyflex.pl\/pl\/kupujesz-it-reklame-lub-ksiegowosc-powyzej-15-000-zl-od-1-pazdziernika-mozesz-odpowiadac-za-cudzy-vat\/","url":"https:\/\/finansowyflex.pl\/pl\/kupujesz-it-reklame-lub-ksiegowosc-powyzej-15-000-zl-od-1-pazdziernika-mozesz-odpowiadac-za-cudzy-vat\/","name":"Odpowiedzialno\u015b\u0107 solidarna VAT za us\u0142ugi \u2014 od 1.10.2026","isPartOf":{"@id":"https:\/\/finansowyflex.pl\/pl\/#website"},"primaryImageOfPage":{"@id":"https:\/\/finansowyflex.pl\/pl\/kupujesz-it-reklame-lub-ksiegowosc-powyzej-15-000-zl-od-1-pazdziernika-mozesz-odpowiadac-za-cudzy-vat\/#primaryimage"},"image":{"@id":"https:\/\/finansowyflex.pl\/pl\/kupujesz-it-reklame-lub-ksiegowosc-powyzej-15-000-zl-od-1-pazdziernika-mozesz-odpowiadac-za-cudzy-vat\/#primaryimage"},"thumbnailUrl":"https:\/\/finansowyflex.pl\/wp-content\/uploads\/2026\/09\/vat-solidarna-cover.jpg","datePublished":"2026-09-05T11:07:46+00:00","dateModified":"2026-09-05T11:30:23+00:00","author":{"@id":"https:\/\/finansowyflex.pl\/pl\/#\/schema\/person\/83b6f762e43074cf1c4ac42f24af8bb0"},"description":"Od 1 pa\u017adziernika 2026 nabywca us\u0142ug IT, reklamowych, ksi\u0119gowych i innych mo\u017ce odpowiada\u0107 za nierozliczony VAT dostawcy.","breadcrumb":{"@id":"https:\/\/finansowyflex.pl\/pl\/kupujesz-it-reklame-lub-ksiegowosc-powyzej-15-000-zl-od-1-pazdziernika-mozesz-odpowiadac-za-cudzy-vat\/#breadcrumb"},"inLanguage":"pl-PL","potentialAction":[{"@type":"ReadAction","target":["https:\/\/finansowyflex.pl\/pl\/kupujesz-it-reklame-lub-ksiegowosc-powyzej-15-000-zl-od-1-pazdziernika-mozesz-odpowiadac-za-cudzy-vat\/"]}]},{"@type":"ImageObject","inLanguage":"pl-PL","@id":"https:\/\/finansowyflex.pl\/pl\/kupujesz-it-reklame-lub-ksiegowosc-powyzej-15-000-zl-od-1-pazdziernika-mozesz-odpowiadac-za-cudzy-vat\/#primaryimage","url":"https:\/\/finansowyflex.pl\/wp-content\/uploads\/2026\/09\/vat-solidarna-cover.jpg","contentUrl":"https:\/\/finansowyflex.pl\/wp-content\/uploads\/2026\/09\/vat-solidarna-cover.jpg","width":1800,"height":1199,"caption":"\u0414\u043e\u043a\u0443\u043c\u0435\u043d\u0442\u044b \u043d\u0430 \u0440\u0430\u0431\u043e\u0447\u0435\u043c \u0441\u0442\u043e\u043b\u0435 \u2014 \u043f\u0440\u043e\u0432\u0435\u0440\u043a\u0430 \u043a\u043e\u043d\u0442\u0440\u0430\u0433\u0435\u043d\u0442\u0430 \u043f\u043e VAT"},{"@type":"BreadcrumbList","@id":"https:\/\/finansowyflex.pl\/pl\/kupujesz-it-reklame-lub-ksiegowosc-powyzej-15-000-zl-od-1-pazdziernika-mozesz-odpowiadac-za-cudzy-vat\/#breadcrumb","itemListElement":[{"@type":"ListItem","position":1,"name":"Strona g\u0142\u00f3wna","item":"https:\/\/finansowyflex.pl\/pl\/"},{"@type":"ListItem","position":2,"name":"Kupujesz IT, reklam\u0119 lub ksi\u0119gowo\u015b\u0107 powy\u017cej 15 000 z\u0142? Od 1 pa\u017adziernika mo\u017cesz odpowiada\u0107 za cudzy VAT"}]},{"@type":"WebSite","@id":"https:\/\/finansowyflex.pl\/pl\/#website","url":"https:\/\/finansowyflex.pl\/pl\/","name":"Finansowy Flex","description":"","potentialAction":[{"@type":"SearchAction","target":{"@type":"EntryPoint","urlTemplate":"https:\/\/finansowyflex.pl\/pl\/?s={search_term_string}"},"query-input":{"@type":"PropertyValueSpecification","valueRequired":true,"valueName":"search_term_string"}}],"inLanguage":"pl-PL"},{"@type":"Person","@id":"https:\/\/finansowyflex.pl\/pl\/#\/schema\/person\/83b6f762e43074cf1c4ac42f24af8bb0","name":"financy_admin","image":{"@type":"ImageObject","inLanguage":"pl-PL","@id":"https:\/\/secure.gravatar.com\/avatar\/75e98f63f26a31ab7b60987916f5289ab5f90eedec7d20a928739350c5e40191?s=96&d=mm&r=g","url":"https:\/\/secure.gravatar.com\/avatar\/75e98f63f26a31ab7b60987916f5289ab5f90eedec7d20a928739350c5e40191?s=96&d=mm&r=g","contentUrl":"https:\/\/secure.gravatar.com\/avatar\/75e98f63f26a31ab7b60987916f5289ab5f90eedec7d20a928739350c5e40191?s=96&d=mm&r=g","caption":"financy_admin"},"sameAs":["https:\/\/finansowyflex.pl"],"url":"https:\/\/finansowyflex.pl\/pl\/author\/financy_admin\/"}]}},"_links":{"self":[{"href":"https:\/\/finansowyflex.pl\/pl\/wp-json\/wp\/v2\/posts\/5674","targetHints":{"allow":["GET"]}}],"collection":[{"href":"https:\/\/finansowyflex.pl\/pl\/wp-json\/wp\/v2\/posts"}],"about":[{"href":"https:\/\/finansowyflex.pl\/pl\/wp-json\/wp\/v2\/types\/post"}],"author":[{"embeddable":true,"href":"https:\/\/finansowyflex.pl\/pl\/wp-json\/wp\/v2\/users\/1"}],"replies":[{"embeddable":true,"href":"https:\/\/finansowyflex.pl\/pl\/wp-json\/wp\/v2\/comments?post=5674"}],"version-history":[{"count":1,"href":"https:\/\/finansowyflex.pl\/pl\/wp-json\/wp\/v2\/posts\/5674\/revisions"}],"predecessor-version":[{"id":5675,"href":"https:\/\/finansowyflex.pl\/pl\/wp-json\/wp\/v2\/posts\/5674\/revisions\/5675"}],"wp:featuredmedia":[{"embeddable":true,"href":"https:\/\/finansowyflex.pl\/pl\/wp-json\/wp\/v2\/media\/5671"}],"wp:attachment":[{"href":"https:\/\/finansowyflex.pl\/pl\/wp-json\/wp\/v2\/media?parent=5674"}],"wp:term":[{"taxonomy":"category","embeddable":true,"href":"https:\/\/finansowyflex.pl\/pl\/wp-json\/wp\/v2\/categories?post=5674"},{"taxonomy":"post_tag","embeddable":true,"href":"https:\/\/finansowyflex.pl\/pl\/wp-json\/wp\/v2\/tags?post=5674"}],"curies":[{"name":"wp","href":"https:\/\/api.w.org\/{rel}","templated":true}]}}